{"id":21947,"date":"2026-04-05T16:41:11","date_gmt":"2026-04-05T14:41:11","guid":{"rendered":"https:\/\/wirpackenunserenkoffer.de\/?p=21947"},"modified":"2026-04-24T11:43:28","modified_gmt":"2026-04-24T09:43:28","slug":"fulda-05-04-fahrt-durch-die-huegelige-landschaft-der-rhoen","status":"publish","type":"post","link":"https:\/\/wirpackenunserenkoffer.de\/?p=21947","title":{"rendered":"Fulda (05.04.) &#8211; Fahrt durch die h\u00fcgelige Landschaft der Rh\u00f6n"},"content":{"rendered":"\n<p>Nach unserem gestrigen Spaziergang durch Fulda stand heute eine Fahrt durch die <a href=\"https:\/\/de.wikipedia.org\/wiki\/Rh%C3%B6n\" target=\"_blank\" rel=\"noreferrer noopener\">Rh\u00f6n<\/a> auf unserem Programm. Vom Fenster unseres Hotelzimmers im siebten Stock hatten nach dem Aufstehen erst einmal einen sch\u00f6nen Blick auf Fulda.<\/p>\n\n\n<div class=\"wp-block-image\">\n<figure class=\"aligncenter size-large\"><a href=\"https:\/\/wirpackenunserenkoffer.de\/wp-content\/uploads\/2026\/04\/Fulda_Hotel_Ausblick-scaled.jpg\"><img loading=\"lazy\" decoding=\"async\" width=\"644\" height=\"429\" src=\"https:\/\/wirpackenunserenkoffer.de\/wp-content\/uploads\/2026\/04\/Fulda_Hotel_Ausblick-644x429.jpg\" alt=\"\" class=\"wp-image-21949\" srcset=\"https:\/\/wirpackenunserenkoffer.de\/wp-content\/uploads\/2026\/04\/Fulda_Hotel_Ausblick-644x429.jpg 644w, https:\/\/wirpackenunserenkoffer.de\/wp-content\/uploads\/2026\/04\/Fulda_Hotel_Ausblick-300x200.jpg 300w, https:\/\/wirpackenunserenkoffer.de\/wp-content\/uploads\/2026\/04\/Fulda_Hotel_Ausblick-768x512.jpg 768w, https:\/\/wirpackenunserenkoffer.de\/wp-content\/uploads\/2026\/04\/Fulda_Hotel_Ausblick-1536x1024.jpg 1536w, https:\/\/wirpackenunserenkoffer.de\/wp-content\/uploads\/2026\/04\/Fulda_Hotel_Ausblick-2048x1366.jpg 2048w\" sizes=\"auto, (max-width: 644px) 100vw, 644px\" \/><\/a><figcaption class=\"wp-element-caption\"><em>Die T\u00fcrme des Doms verstecken sich hinter dem Bau der Stadtpfarrkirche<\/em><\/figcaption><\/figure>\n<\/div>\n\n\n<p>Das Mittelgebirge, das sich \u00fcber die Bundesl\u00e4nder Bayern, Hessen und Th\u00fcringen erstreckt, ist bekannt f\u00fcr seine offene, baumlose Landschaft. Unser erstes Ziel war die <a href=\"https:\/\/de.wikipedia.org\/wiki\/Wasserkuppe\" target=\"_blank\" rel=\"noreferrer noopener\">Wasserkuppe<\/a>, mit 950 Metern \u00fc.NN. der h\u00f6chste Berg Hessens und der Rh\u00f6n. Die Wasserkuppe gilt als Geburtsst\u00e4tte des Segelflugs \u2013 bereits in den 1920er-Jahren nutzen Flugpioniere die g\u00fcnstigen Windverh\u00e4ltnisse f\u00fcr erste Segelflugversuche.<\/p>\n\n\n\n<p>Heute war jedoch nicht an Segelflug zu denken. Der in der offenen Landschaft exponierte Berg empfing uns mit starkem Wind, die Wasserkuppe ist nicht umsonst einer der windreichsten Orte in Deutschland. Vom Parkplatz aus f\u00fchrte ein gut ausgebauter Weg zum Gipfel, wo die markant wei\u00dfe Radarkuppel <a href=\"https:\/\/radom-wasserkuppe.de\/\" target=\"_blank\" rel=\"noreferrer noopener\">RADOM<\/a> an die Zeit des Kalten Krieges erinnert. Die Rh\u00f6n war seinerzeit Zonenrandgebiet.<\/p>\n\n\n<div class=\"wp-block-image\">\n<figure class=\"aligncenter size-full\"><a href=\"https:\/\/wirpackenunserenkoffer.de\/wp-content\/uploads\/2026\/04\/Wasserkuppe_RADOM.jpg\"><img loading=\"lazy\" decoding=\"async\" width=\"644\" height=\"429\" src=\"https:\/\/wirpackenunserenkoffer.de\/wp-content\/uploads\/2026\/04\/Wasserkuppe_RADOM.jpg\" alt=\"\" class=\"wp-image-21948\" srcset=\"https:\/\/wirpackenunserenkoffer.de\/wp-content\/uploads\/2026\/04\/Wasserkuppe_RADOM.jpg 644w, https:\/\/wirpackenunserenkoffer.de\/wp-content\/uploads\/2026\/04\/Wasserkuppe_RADOM-300x200.jpg 300w\" sizes=\"auto, (max-width: 644px) 100vw, 644px\" \/><\/a><figcaption class=\"wp-element-caption\"><em>Das RADOM (<em>Abk\u00fcrzung f\u00fcr einen Radar Dome<\/em>) als Wahrzeichen f\u00fcr die Region ist eine geschlossene H\u00fclle, die Antennen f\u00fcr Messungen oder Daten\u00fcbertragungen sch\u00fctzt<\/em><\/figcaption><\/figure>\n<\/div>\n\n\n<p>Der Ausblick vom Gipfel ist beeindruckend: An diesem windigen Tag mussten wir uns allerdings festhalten, um nicht weggeweht zu werden. Von hier oben war mit Sicherheit bereits unser n\u00e4chstes Ziel, das Schwarze Moor zu erkennen, sofern wir in die richtige Richtung geblickt h\u00e4tten.<\/p>\n\n\n<div class=\"wp-block-image\">\n<figure class=\"aligncenter size-large\"><a href=\"https:\/\/wirpackenunserenkoffer.de\/wp-content\/uploads\/2026\/04\/Wasserkuppe_Ausblick-scaled.jpg\"><img loading=\"lazy\" decoding=\"async\" width=\"644\" height=\"429\" src=\"https:\/\/wirpackenunserenkoffer.de\/wp-content\/uploads\/2026\/04\/Wasserkuppe_Ausblick-644x429.jpg\" alt=\"\" class=\"wp-image-21985\" srcset=\"https:\/\/wirpackenunserenkoffer.de\/wp-content\/uploads\/2026\/04\/Wasserkuppe_Ausblick-644x429.jpg 644w, https:\/\/wirpackenunserenkoffer.de\/wp-content\/uploads\/2026\/04\/Wasserkuppe_Ausblick-300x200.jpg 300w, https:\/\/wirpackenunserenkoffer.de\/wp-content\/uploads\/2026\/04\/Wasserkuppe_Ausblick-768x512.jpg 768w, https:\/\/wirpackenunserenkoffer.de\/wp-content\/uploads\/2026\/04\/Wasserkuppe_Ausblick-1536x1024.jpg 1536w, https:\/\/wirpackenunserenkoffer.de\/wp-content\/uploads\/2026\/04\/Wasserkuppe_Ausblick-2048x1366.jpg 2048w\" sizes=\"auto, (max-width: 644px) 100vw, 644px\" \/><\/a><figcaption class=\"wp-element-caption\"><em>Blickfang auf dem Gipfel ist der h\u00f6lzerne Rahmen, der die Landschaft in den Mittelpunkt der hessischen Natur- und Klimaschutzkampagne stellt <\/em><\/figcaption><\/figure>\n<\/div>\n\n<div class=\"wp-block-image\">\n<figure class=\"aligncenter size-large\"><a href=\"https:\/\/wirpackenunserenkoffer.de\/wp-content\/uploads\/2026\/04\/Wasserkuppe_Ausblick-2-scaled.jpg\"><img loading=\"lazy\" decoding=\"async\" width=\"644\" height=\"241\" src=\"https:\/\/wirpackenunserenkoffer.de\/wp-content\/uploads\/2026\/04\/Wasserkuppe_Ausblick-2-644x241.jpg\" alt=\"\" class=\"wp-image-21950\" srcset=\"https:\/\/wirpackenunserenkoffer.de\/wp-content\/uploads\/2026\/04\/Wasserkuppe_Ausblick-2-644x241.jpg 644w, https:\/\/wirpackenunserenkoffer.de\/wp-content\/uploads\/2026\/04\/Wasserkuppe_Ausblick-2-300x112.jpg 300w, https:\/\/wirpackenunserenkoffer.de\/wp-content\/uploads\/2026\/04\/Wasserkuppe_Ausblick-2-768x287.jpg 768w, https:\/\/wirpackenunserenkoffer.de\/wp-content\/uploads\/2026\/04\/Wasserkuppe_Ausblick-2-1536x574.jpg 1536w, https:\/\/wirpackenunserenkoffer.de\/wp-content\/uploads\/2026\/04\/Wasserkuppe_Ausblick-2-2048x765.jpg 2048w\" sizes=\"auto, (max-width: 644px) 100vw, 644px\" \/><\/a><figcaption class=\"wp-element-caption\"><em>So idyllisch, wie es auf dem Foto aussieht, war es durch den Sturm tats\u00e4chlich nicht<\/em><\/figcaption><\/figure>\n<\/div>\n\n\n<p>Weiter ging es \u00fcber h\u00fcgelige Stra\u00dfen zum <a href=\"https:\/\/de.wikipedia.org\/wiki\/Schwarzes_Moor\" target=\"_blank\" rel=\"noreferrer noopener\">Schwarzen Moor<\/a>, einem der bedeutendsten Hochmoore Mitteleuropas. Das Naturschutzgebiet liegt auf einer H\u00f6he von etwa 770 Metern und erstreckt sich \u00fcber eine Fl\u00e4che von rund 66 Hektar. Ein 2,5 Kilometer langer Bohlenweg f\u00fchrt durch das Moor und erm\u00f6glicht Besuchern, dieses sensible \u00d6kosystem zu erkunden, ohne die empfindliche Moorvegetation zu besch\u00e4digen. Der Rundweg ist mit zahlreichen Informationstafeln ausgestattet, die \u00fcber die Entstehung, die Flora und Fauna sowie die \u00f6kologische Bedeutung des Moors informieren.<\/p>\n\n\n\n<p><\/p>\n\n\n\n<figure class=\"wp-block-gallery has-nested-images columns-2 is-cropped wp-block-gallery-1 is-layout-flex wp-block-gallery-is-layout-flex\">\n<figure class=\"wp-block-image size-large\"><a href=\"https:\/\/wirpackenunserenkoffer.de\/wp-content\/uploads\/2026\/04\/Schwarzes_Moor_Bohlenweg-2.jpg\"><img loading=\"lazy\" decoding=\"async\" width=\"644\" height=\"429\" data-id=\"21951\" src=\"https:\/\/wirpackenunserenkoffer.de\/wp-content\/uploads\/2026\/04\/Schwarzes_Moor_Bohlenweg-2.jpg\" alt=\"\" class=\"wp-image-21951\" srcset=\"https:\/\/wirpackenunserenkoffer.de\/wp-content\/uploads\/2026\/04\/Schwarzes_Moor_Bohlenweg-2.jpg 644w, https:\/\/wirpackenunserenkoffer.de\/wp-content\/uploads\/2026\/04\/Schwarzes_Moor_Bohlenweg-2-300x200.jpg 300w\" sizes=\"auto, (max-width: 644px) 100vw, 644px\" \/><\/a><\/figure>\n\n\n\n<figure class=\"wp-block-image size-large\"><a href=\"https:\/\/wirpackenunserenkoffer.de\/wp-content\/uploads\/2026\/04\/Schwarzes_Moor_Bohlenweg-10.jpg\"><img loading=\"lazy\" decoding=\"async\" width=\"644\" height=\"429\" data-id=\"21952\" src=\"https:\/\/wirpackenunserenkoffer.de\/wp-content\/uploads\/2026\/04\/Schwarzes_Moor_Bohlenweg-10.jpg\" alt=\"\" class=\"wp-image-21952\" srcset=\"https:\/\/wirpackenunserenkoffer.de\/wp-content\/uploads\/2026\/04\/Schwarzes_Moor_Bohlenweg-10.jpg 644w, https:\/\/wirpackenunserenkoffer.de\/wp-content\/uploads\/2026\/04\/Schwarzes_Moor_Bohlenweg-10-300x200.jpg 300w\" sizes=\"auto, (max-width: 644px) 100vw, 644px\" \/><\/a><\/figure>\n\n\n\n<figure class=\"wp-block-image size-large\"><a href=\"https:\/\/wirpackenunserenkoffer.de\/wp-content\/uploads\/2026\/04\/Schwarzes_Moor_Bohlenweg-3-scaled.jpg\"><img loading=\"lazy\" decoding=\"async\" width=\"644\" height=\"429\" data-id=\"21953\" src=\"https:\/\/wirpackenunserenkoffer.de\/wp-content\/uploads\/2026\/04\/Schwarzes_Moor_Bohlenweg-3-644x429.jpg\" alt=\"\" class=\"wp-image-21953\" srcset=\"https:\/\/wirpackenunserenkoffer.de\/wp-content\/uploads\/2026\/04\/Schwarzes_Moor_Bohlenweg-3-644x429.jpg 644w, https:\/\/wirpackenunserenkoffer.de\/wp-content\/uploads\/2026\/04\/Schwarzes_Moor_Bohlenweg-3-300x200.jpg 300w, https:\/\/wirpackenunserenkoffer.de\/wp-content\/uploads\/2026\/04\/Schwarzes_Moor_Bohlenweg-3-768x512.jpg 768w, https:\/\/wirpackenunserenkoffer.de\/wp-content\/uploads\/2026\/04\/Schwarzes_Moor_Bohlenweg-3-1536x1024.jpg 1536w, https:\/\/wirpackenunserenkoffer.de\/wp-content\/uploads\/2026\/04\/Schwarzes_Moor_Bohlenweg-3-2048x1366.jpg 2048w\" sizes=\"auto, (max-width: 644px) 100vw, 644px\" \/><\/a><\/figure>\n\n\n\n<figure class=\"wp-block-image size-large\"><a href=\"https:\/\/wirpackenunserenkoffer.de\/wp-content\/uploads\/2026\/04\/Schwarzes_Moor_Bohlenweg-11.jpg\"><img loading=\"lazy\" decoding=\"async\" width=\"644\" height=\"429\" data-id=\"21954\" src=\"https:\/\/wirpackenunserenkoffer.de\/wp-content\/uploads\/2026\/04\/Schwarzes_Moor_Bohlenweg-11.jpg\" alt=\"\" class=\"wp-image-21954\" srcset=\"https:\/\/wirpackenunserenkoffer.de\/wp-content\/uploads\/2026\/04\/Schwarzes_Moor_Bohlenweg-11.jpg 644w, https:\/\/wirpackenunserenkoffer.de\/wp-content\/uploads\/2026\/04\/Schwarzes_Moor_Bohlenweg-11-300x200.jpg 300w\" sizes=\"auto, (max-width: 644px) 100vw, 644px\" \/><\/a><\/figure>\n<figcaption class=\"blocks-gallery-caption wp-element-caption\"><em>Der Dielenweg sch\u00fctzt die empfindliche Vegetation des Moors <\/em><br><em>und Besucher kriegen so auch keine nassen F\u00fc\u00dfe<\/em><\/figcaption><\/figure>\n\n\n\n<p><\/p>\n\n\n\n<p>Das Moor begann sich vor etwa 12.000 Jahren, nach dem Ende der letzten Eiszeit, zu bilden. Die Torfschicht ist heute stellenweise bis zu sieben Meter dick. Hochmoore sind \u00e4u\u00dferst n\u00e4hrstoffarme Lebensr\u00e4ume mit niedrigem pH-Wert, die nur von spezialisierten Pflanzen besiedelt werden k\u00f6nnen. Das Wasserreservoir solcher Hochmoore speist sich ausschlie\u00dflich aus Niederschl\u00e4gen, die aufgrund einer wasserundurchl\u00e4ssigen Schicht nicht versickern k\u00f6nnen. Der Rundweg f\u00fchrte uns letztendlich zu einem Aussichtsturm, von dem man einen guten \u00dcberblick \u00fcber das gesamte Moorgebiet erh\u00e4lt.<\/p>\n\n\n<div class=\"wp-block-image\">\n<figure class=\"aligncenter size-full\"><a href=\"https:\/\/wirpackenunserenkoffer.de\/wp-content\/uploads\/2026\/04\/Schwarzes_Moor_Aussichtsturm.jpg\"><img loading=\"lazy\" decoding=\"async\" width=\"644\" height=\"429\" src=\"https:\/\/wirpackenunserenkoffer.de\/wp-content\/uploads\/2026\/04\/Schwarzes_Moor_Aussichtsturm.jpg\" alt=\"\" class=\"wp-image-21956\" srcset=\"https:\/\/wirpackenunserenkoffer.de\/wp-content\/uploads\/2026\/04\/Schwarzes_Moor_Aussichtsturm.jpg 644w, https:\/\/wirpackenunserenkoffer.de\/wp-content\/uploads\/2026\/04\/Schwarzes_Moor_Aussichtsturm-300x200.jpg 300w\" sizes=\"auto, (max-width: 644px) 100vw, 644px\" \/><\/a><figcaption class=\"wp-element-caption\"><em>Eine gute M\u00f6glichkeit, sich einen \u00dcberblick \u00fcber die Ausdehnung des Moors zu verschaffen<\/em><\/figcaption><\/figure>\n<\/div>\n\n<div class=\"wp-block-image\">\n<figure class=\"aligncenter size-full\"><a href=\"https:\/\/wirpackenunserenkoffer.de\/wp-content\/uploads\/2026\/04\/Schwarzes_Moor_Aussichtsturm_Ausblick-2.jpg\"><img loading=\"lazy\" decoding=\"async\" width=\"644\" height=\"296\" src=\"https:\/\/wirpackenunserenkoffer.de\/wp-content\/uploads\/2026\/04\/Schwarzes_Moor_Aussichtsturm_Ausblick-2.jpg\" alt=\"\" class=\"wp-image-21957\" srcset=\"https:\/\/wirpackenunserenkoffer.de\/wp-content\/uploads\/2026\/04\/Schwarzes_Moor_Aussichtsturm_Ausblick-2.jpg 644w, https:\/\/wirpackenunserenkoffer.de\/wp-content\/uploads\/2026\/04\/Schwarzes_Moor_Aussichtsturm_Ausblick-2-300x138.jpg 300w\" sizes=\"auto, (max-width: 644px) 100vw, 644px\" \/><\/a><figcaption class=\"wp-element-caption\"><em>Nur wenige B\u00e4ume siedeln sich im Moor an, darunter die im Vordergrund stehenden und noch nicht belaubten Moorbirken<\/em><\/figcaption><\/figure>\n<\/div>\n\n\n<p>F\u00fcr unseren dritten und letzten Stopp mussten wir erneut einen Berg erklimmen. Der <a href=\"https:\/\/de.wikipedia.org\/wiki\/Kreuzberg_(Rh%C3%B6n)\" target=\"_blank\" rel=\"noreferrer noopener\">Kreuzberg<\/a>, bereits im bayrischen Teil der Rh\u00f6n gelegen, ist mit 928 Meter nur 22 Meter niedriger als die Wasserkuppe. Seit dem 17. Jahrhundert ist der Berg ein bedeutender Wallfahrtsort und wird auch als &#8220;Heiliger Berg der Franken&#8221; bezeichnet. Die Wallfahrtstradition geht auf das Jahr 1681 zur\u00fcck, als auf dem Gipfel drei Kreuze zur Erinnerung an die Kreuzigung Christi errichtet wurden.<\/p>\n\n\n\n<p>Heute befindet sich auf dem Gipfel eine Kreuzigungsgruppe mit lebensgro\u00dfen Figuren. Am Fu\u00df des H\u00fcgels steht die Wallfahrtskirche zum Heiligen Kreuz, die zwischen 1682 und 1692 erbaut wurde. F\u00fcr einen Ostersonntag herrschte in ihr eine and\u00e4chtige Stille, nur wenige Besucher hatten sich hierher verirrt, zum Gottesdienst waren sicher mehr Besucher hier.<\/p>\n\n\n<div class=\"wp-block-image\">\n<figure class=\"aligncenter size-full\"><a href=\"https:\/\/wirpackenunserenkoffer.de\/wp-content\/uploads\/2026\/04\/Kreuzberg_Klosterkirche.jpg\"><img loading=\"lazy\" decoding=\"async\" width=\"644\" height=\"429\" src=\"https:\/\/wirpackenunserenkoffer.de\/wp-content\/uploads\/2026\/04\/Kreuzberg_Klosterkirche.jpg\" alt=\"\" class=\"wp-image-21958\" srcset=\"https:\/\/wirpackenunserenkoffer.de\/wp-content\/uploads\/2026\/04\/Kreuzberg_Klosterkirche.jpg 644w, https:\/\/wirpackenunserenkoffer.de\/wp-content\/uploads\/2026\/04\/Kreuzberg_Klosterkirche-300x200.jpg 300w\" sizes=\"auto, (max-width: 644px) 100vw, 644px\" \/><\/a><figcaption class=\"wp-element-caption\"><em>Blick in die Kirche des Franziskanerklosters<\/em><\/figcaption><\/figure>\n<\/div>\n\n\n<p>Ganz anders pr\u00e4sentierte sich die angrenzende Gastst\u00e4tte des <a href=\"https:\/\/de.wikipedia.org\/wiki\/Kloster_Kreuzberg\" target=\"_blank\" rel=\"noreferrer noopener\">Kloster Kreuzbergs<\/a> mit deftiger fr\u00e4nkischer K\u00fcche: Hier herrschte Hochbetrieb. Das Kloster wird seit 1731 von Franziskanerm\u00f6nchen betrieben, die auch die traditionsreiche Klosterbrauerei f\u00fchren. Die Gastst\u00e4tte war bis auf den letzten Platz gef\u00fcllt, das Klosterbier lockt mittlerweile wohl mehr Besucher hierher als die Wallfahrtskirche. <br>Nach einer St\u00e4rkung machten auch wir uns auf zu den drei auf dem Gipfel des Bergs stehenden Kreuzen, die dem <a href=\"https:\/\/de.wikipedia.org\/wiki\/Golgota\" target=\"_blank\" rel=\"noreferrer noopener\">Golgotha-H\u00fcgel<\/a> in Jerusalem nachempfunden sind.<\/p>\n\n\n<div class=\"wp-block-image\">\n<figure class=\"aligncenter size-full\"><a href=\"https:\/\/wirpackenunserenkoffer.de\/wp-content\/uploads\/2026\/04\/Kreuzberg_Kreuzigungsgruppe.jpg\"><img loading=\"lazy\" decoding=\"async\" width=\"644\" height=\"429\" src=\"https:\/\/wirpackenunserenkoffer.de\/wp-content\/uploads\/2026\/04\/Kreuzberg_Kreuzigungsgruppe.jpg\" alt=\"\" class=\"wp-image-21974\" srcset=\"https:\/\/wirpackenunserenkoffer.de\/wp-content\/uploads\/2026\/04\/Kreuzberg_Kreuzigungsgruppe.jpg 644w, https:\/\/wirpackenunserenkoffer.de\/wp-content\/uploads\/2026\/04\/Kreuzberg_Kreuzigungsgruppe-300x200.jpg 300w\" sizes=\"auto, (max-width: 644px) 100vw, 644px\" \/><\/a><figcaption class=\"wp-element-caption\"><em>Nur noch wenige Stufen, dann haben auch wir es bis ganz nach oben geschafft<\/em><\/figcaption><\/figure>\n<\/div>\n\n<div class=\"wp-block-image\">\n<figure class=\"aligncenter size-full\"><a href=\"https:\/\/wirpackenunserenkoffer.de\/wp-content\/uploads\/2026\/04\/Kreuzberg_Kreuzigungsgruppe-4.jpg\"><img loading=\"lazy\" decoding=\"async\" width=\"644\" height=\"429\" src=\"https:\/\/wirpackenunserenkoffer.de\/wp-content\/uploads\/2026\/04\/Kreuzberg_Kreuzigungsgruppe-4.jpg\" alt=\"\" class=\"wp-image-21975\" srcset=\"https:\/\/wirpackenunserenkoffer.de\/wp-content\/uploads\/2026\/04\/Kreuzberg_Kreuzigungsgruppe-4.jpg 644w, https:\/\/wirpackenunserenkoffer.de\/wp-content\/uploads\/2026\/04\/Kreuzberg_Kreuzigungsgruppe-4-300x200.jpg 300w\" sizes=\"auto, (max-width: 644px) 100vw, 644px\" \/><\/a><figcaption class=\"wp-element-caption\"><em>Vom Kreuzberg aus ist in der Ferne das RADOM auf der Wasserkuppe zu erkennen<\/em><\/figcaption><\/figure>\n<\/div>\n\n\n<p>Danach machten wir uns auf den R\u00fcckweg nach Fulda, erneut durch die charakteristische Rh\u00f6n-Landschaft vulkanischen Ursprungs: sanft gewellte H\u00fcgel, weitl\u00e4ufige Wiesen, vereinzelte Geh\u00f6fte und kleine D\u00f6rfer. Die heutigen Basaltkuppen wie die Wasserkuppe sind die erodierten Reste ehemaliger Vulkane. Die markanten <a href=\"https:\/\/de.wikipedia.org\/wiki\/Rh%C3%B6nschaf\" target=\"_blank\" rel=\"noreferrer noopener\">Rh\u00f6nschafe<\/a>, die als Werbetr\u00e4ger f\u00fcr die Landschaft eingesetzt werden, bekamen wir leider nur an einer Stelle zu Gesicht. Sie sind die Architekten der Landschaft und halten die Landschaft baumfrei und offen.<\/p>\n\n\n\n<p>Nach knapp einer Stunde Fahrt in Fulda angekommen steuerten wir direkt die <a href=\"https:\/\/davis-pizza.de\/\" target=\"_blank\" rel=\"noreferrer noopener\">Pizzeria Davis<\/a> am Rande der Altstadt an. Die neapolitanische Pizza mit softem dicken Rand und der anschlie\u00dfende Espresso waren hervorragend, ein sch\u00f6ner Abschluss f\u00fcr den Tag.<\/p>\n\n\n\n<figure class=\"wp-block-gallery has-nested-images columns-default is-cropped wp-block-gallery-2 is-layout-flex wp-block-gallery-is-layout-flex\">\n<figure class=\"wp-block-image size-large\"><a href=\"https:\/\/wirpackenunserenkoffer.de\/wp-content\/uploads\/2026\/04\/Fulda_Pizzeria_Davis.jpg\"><img loading=\"lazy\" decoding=\"async\" width=\"644\" height=\"429\" data-id=\"21959\" src=\"https:\/\/wirpackenunserenkoffer.de\/wp-content\/uploads\/2026\/04\/Fulda_Pizzeria_Davis.jpg\" alt=\"\" class=\"wp-image-21959\" srcset=\"https:\/\/wirpackenunserenkoffer.de\/wp-content\/uploads\/2026\/04\/Fulda_Pizzeria_Davis.jpg 644w, https:\/\/wirpackenunserenkoffer.de\/wp-content\/uploads\/2026\/04\/Fulda_Pizzeria_Davis-300x200.jpg 300w\" sizes=\"auto, (max-width: 644px) 100vw, 644px\" \/><\/a><\/figure>\n\n\n\n<figure class=\"wp-block-image size-large\"><a href=\"https:\/\/wirpackenunserenkoffer.de\/wp-content\/uploads\/2026\/04\/Fulda_Pizzeria_Davis-2.jpg\"><img loading=\"lazy\" decoding=\"async\" width=\"644\" height=\"429\" data-id=\"21960\" src=\"https:\/\/wirpackenunserenkoffer.de\/wp-content\/uploads\/2026\/04\/Fulda_Pizzeria_Davis-2.jpg\" alt=\"\" class=\"wp-image-21960\" srcset=\"https:\/\/wirpackenunserenkoffer.de\/wp-content\/uploads\/2026\/04\/Fulda_Pizzeria_Davis-2.jpg 644w, https:\/\/wirpackenunserenkoffer.de\/wp-content\/uploads\/2026\/04\/Fulda_Pizzeria_Davis-2-300x200.jpg 300w\" sizes=\"auto, (max-width: 644px) 100vw, 644px\" \/><\/a><\/figure>\n<figcaption class=\"blocks-gallery-caption wp-element-caption\"><em>So sollte Pizza immer sein<\/em><\/figcaption><\/figure>\n","protected":false},"excerpt":{"rendered":"<p>Nach unserem gestrigen Spaziergang durch Fulda stand heute eine Fahrt durch die Rh\u00f6n auf unserem Programm. Vom Fenster unseres Hotelzimmers im siebten Stock hatten nach dem Aufstehen erst einmal einen sch\u00f6nen Blick auf Fulda. Das Mittelgebirge, das sich \u00fcber die Bundesl\u00e4nder Bayern, Hessen und Th\u00fcringen erstreckt, ist bekannt f\u00fcr seine offene, baumlose Landschaft. Unser erstes&#8230;<\/p>\n","protected":false},"author":1,"featured_media":0,"comment_status":"open","ping_status":"closed","sticky":false,"template":"","format":"standard","meta":{"footnotes":""},"categories":[36,122],"tags":[],"class_list":["post-21947","post","type-post","status-publish","format-standard","hentry","category-deutschland","category-rhoen"],"_links":{"self":[{"href":"https:\/\/wirpackenunserenkoffer.de\/index.php?rest_route=\/wp\/v2\/posts\/21947","targetHints":{"allow":["GET"]}}],"collection":[{"href":"https:\/\/wirpackenunserenkoffer.de\/index.php?rest_route=\/wp\/v2\/posts"}],"about":[{"href":"https:\/\/wirpackenunserenkoffer.de\/index.php?rest_route=\/wp\/v2\/types\/post"}],"author":[{"embeddable":true,"href":"https:\/\/wirpackenunserenkoffer.de\/index.php?rest_route=\/wp\/v2\/users\/1"}],"replies":[{"embeddable":true,"href":"https:\/\/wirpackenunserenkoffer.de\/index.php?rest_route=%2Fwp%2Fv2%2Fcomments&post=21947"}],"version-history":[{"count":16,"href":"https:\/\/wirpackenunserenkoffer.de\/index.php?rest_route=\/wp\/v2\/posts\/21947\/revisions"}],"predecessor-version":[{"id":22144,"href":"https:\/\/wirpackenunserenkoffer.de\/index.php?rest_route=\/wp\/v2\/posts\/21947\/revisions\/22144"}],"wp:attachment":[{"href":"https:\/\/wirpackenunserenkoffer.de\/index.php?rest_route=%2Fwp%2Fv2%2Fmedia&parent=21947"}],"wp:term":[{"taxonomy":"category","embeddable":true,"href":"https:\/\/wirpackenunserenkoffer.de\/index.php?rest_route=%2Fwp%2Fv2%2Fcategories&post=21947"},{"taxonomy":"post_tag","embeddable":true,"href":"https:\/\/wirpackenunserenkoffer.de\/index.php?rest_route=%2Fwp%2Fv2%2Ftags&post=21947"}],"curies":[{"name":"wp","href":"https:\/\/api.w.org\/{rel}","templated":true}]}}